{"id":387,"date":"2022-11-03T19:48:42","date_gmt":"2022-11-03T17:48:42","guid":{"rendered":"https:\/\/dki.verband.lv\/?p=387"},"modified":"2022-11-03T19:48:44","modified_gmt":"2022-11-03T17:48:44","slug":"pop-up-puze-es-ar-tevi","status":"publish","type":"post","link":"https:\/\/dki.verband.lv\/?p=387","title":{"rendered":"Pop-Up Puze: Es ar Tevi!"},"content":{"rendered":"\n<p>2022.gada oktobr\u012b Puz\u0113 norisin\u0101j\u0101s projekta &#8220;Demokr\u0101tisko kompeten\u010du inkubators&#8221; ilgi gaid\u012bt\u0101 atrakt\u012bv\u0101 &#8220;piekab\u012bte&#8221;: uz pa\u0161darb\u012bbu, pa\u0161iniciat\u012bvu un entuziasmu\u00a0 orient\u0113tais &#8220;POP &#8211; UP Izgar\u0161o demokr\u0101tiju&#8221; pas\u0101kums. T\u0101 m\u0113r\u0137is:\u00a0run\u0101t par liet\u0101m, ko veicam sabiedrisk\u0101 k\u0101rt\u0101, k\u0101 pal\u012bdzam l\u012bdzcilv\u0113kiem bez maksas. Projekta Ventspils koordinatore M\u0101ra Kraule atzina: &#8220;Kas attiecas uz st\u0101stiem par pal\u012bdz\u012bbu citiem cilv\u0113kiem, secin\u0101ju, ka nav viegli iekustin\u0101t \u013caudis, lai vi\u0146i \u0161\u0101d\u0101 publisk\u0101 pas\u0101kum\u0101 run\u0101tu par saviem labajiem darbiem. <\/p>\n\n\n\n<p>Protams, ka viss, ko dar\u0101m citu lab\u0101, n\u0101k no sirds un bie\u017ei vien liekas pats par sevi saprotams, ta\u010du \u0161aj\u0101 pas\u0101kum\u0101 \u0161\u0101das sarunas bija nepiecie\u0161amas.\u00a0 L\u012bdz ar to daudz ko savstarp\u0113ji uzzin\u0101j\u0101m un ar\u012b turpm\u0101k neb\u016bsim vienaldz\u012bgi. \u0160aj\u0101 dien\u0101 uzrakst\u012bj\u0101m iesniegumu Ventspils novada domei ar ierosin\u0101jumu apbalvot usmenieci Ivetu Biezo par lielo pal\u012bdz\u012bbu iedz\u012bvot\u0101jiem, nodro\u0161inot\u00a0 kvalitat\u012bvus \u0113din\u0101\u0161anas pakalpojumus.\u00a0\u0160aj\u0101 dien\u0101 tik\u0101mies ar Ventspils novada Att\u012bst\u012bbas noda\u013cas vad\u012bt\u0101ju Gintu Roderti un uzzin\u0101j\u0101m par novada domes r\u016bp\u0113m par iedz\u012bvot\u0101jiem un nopietn\u0101kaj\u0101m idej\u0101m novada att\u012bst\u012bb\u0101. <\/p>\n\n\n\n<p>Muzik\u0101lu sniegumu mums sag\u0101d\u0101ja And\u017eejs Be\u013c\u0113vi\u010ds no Talsiem, bet venti\u0146u m\u0113l\u0113 da\u017e\u0101dus st\u0101stus pav\u0113st\u012bja \u0100rija Kl\u0113vere. Jauku p\u0101rsteigumu visiem sag\u0101d\u0101ja sar\u012bkojumu deju dejot\u0101ji, Puzes pamatskolas skol\u0113ni D\u0101rta un Haralds Aps\u012b\u0161i.&#8221; L\u012bdz\u012bgi POP-UP sar\u012bkojumi notiks ar\u012b turpm\u0101k m\u016bsu projekta pils\u0113t\u0101s Kandav\u0101, Dobel\u0113, Liep\u0101j\u0101 un Ventspil\u012b (vai Puz\u0113). Sekojiet inform\u0101cijai un piebiedrojieties! POP &#8211; UP atbalst\u012bt\u0101ji &#8211;\u00a0Islande, Lihten\u0161teina un Norv\u0113\u0123ija caur EEZ un Norv\u0113\u0123ijas grantu programmu \u201cAkt\u012bvo iedz\u012bvot\u0101ju fonds\u201d.\u00a0 \u012asteno Latvijas V\u0101cu savien\u012bba.<\/p>\n\n\n\n<figure class=\"wp-block-gallery has-nested-images columns-default is-cropped\">\n<figure class=\"wp-block-image size-large\"><img loading=\"lazy\" width=\"1024\" height=\"683\" data-id=\"389\"  src=\"https:\/\/dki.verband.lv\/wp-content\/uploads\/2022\/11\/Pop.Up_.Puze_.gitara.-1024x683.jpg\" alt=\"\" class=\"wp-image-389\" srcset=\"https:\/\/dki.verband.lv\/wp-content\/uploads\/2022\/11\/Pop.Up_.Puze_.gitara.-1024x683.jpg 1024w, https:\/\/dki.verband.lv\/wp-content\/uploads\/2022\/11\/Pop.Up_.Puze_.gitara.-300x200.jpg 300w, https:\/\/dki.verband.lv\/wp-content\/uploads\/2022\/11\/Pop.Up_.Puze_.gitara.-768x512.jpg 768w, https:\/\/dki.verband.lv\/wp-content\/uploads\/2022\/11\/Pop.Up_.Puze_.gitara.-930x620.jpg 930w, https:\/\/dki.verband.lv\/wp-content\/uploads\/2022\/11\/Pop.Up_.Puze_.gitara..jpg 1452w\" sizes=\"(max-width: 1024px) 100vw, 1024px\" \/><\/figure>\n\n\n\n<figure class=\"wp-block-image size-large\"><img loading=\"lazy\" width=\"1024\" height=\"683\" data-id=\"388\"  src=\"https:\/\/dki.verband.lv\/wp-content\/uploads\/2022\/11\/Puze.Pop_.Up_.Diskusija.-1024x683.jpg\" alt=\"\" class=\"wp-image-388\" srcset=\"https:\/\/dki.verband.lv\/wp-content\/uploads\/2022\/11\/Puze.Pop_.Up_.Diskusija.-1024x683.jpg 1024w, https:\/\/dki.verband.lv\/wp-content\/uploads\/2022\/11\/Puze.Pop_.Up_.Diskusija.-300x200.jpg 300w, https:\/\/dki.verband.lv\/wp-content\/uploads\/2022\/11\/Puze.Pop_.Up_.Diskusija.-768x512.jpg 768w, https:\/\/dki.verband.lv\/wp-content\/uploads\/2022\/11\/Puze.Pop_.Up_.Diskusija.-930x620.jpg 930w, https:\/\/dki.verband.lv\/wp-content\/uploads\/2022\/11\/Puze.Pop_.Up_.Diskusija..jpg 1245w\" sizes=\"(max-width: 1024px) 100vw, 1024px\" \/><\/figure>\n\n\n\n<figure class=\"wp-block-image size-large\"><img loading=\"lazy\" width=\"1024\" height=\"683\" data-id=\"390\"  src=\"https:\/\/dki.verband.lv\/wp-content\/uploads\/2022\/11\/Puze.jauniesi.Pop_.Up_-1024x683.jpg\" alt=\"\" class=\"wp-image-390\" srcset=\"https:\/\/dki.verband.lv\/wp-content\/uploads\/2022\/11\/Puze.jauniesi.Pop_.Up_-1024x683.jpg 1024w, https:\/\/dki.verband.lv\/wp-content\/uploads\/2022\/11\/Puze.jauniesi.Pop_.Up_-300x200.jpg 300w, https:\/\/dki.verband.lv\/wp-content\/uploads\/2022\/11\/Puze.jauniesi.Pop_.Up_-768x512.jpg 768w, https:\/\/dki.verband.lv\/wp-content\/uploads\/2022\/11\/Puze.jauniesi.Pop_.Up_-930x620.jpg 930w, https:\/\/dki.verband.lv\/wp-content\/uploads\/2022\/11\/Puze.jauniesi.Pop_.Up_.jpg 1200w\" sizes=\"(max-width: 1024px) 100vw, 1024px\" \/><\/figure>\n<\/figure>\n","protected":false},"excerpt":{"rendered":"<p>2022.gada oktobr\u012b Puz\u0113 norisin\u0101j\u0101s projekta &#8220;Demokr\u0101tisko kompeten\u010du inkubators&#8221; ilgi gaid\u012bt\u0101 atrakt\u012bv\u0101 &#8220;piekab\u012bte&#8221;: uz pa\u0161darb\u012bbu, pa\u0161iniciat\u012bvu un entuziasmu\u00a0 orient\u0113tais &#8220;POP &#8211; UP Izgar\u0161o demokr\u0101tiju&#8221; pas\u0101kums. T\u0101 m\u0113r\u0137is:\u00a0run\u0101t par liet\u0101m, ko veicam sabiedrisk\u0101 k\u0101rt\u0101, k\u0101 pal\u012bdzam l\u012bdzcilv\u0113kiem bez maksas. Projekta Ventspils koordinatore M\u0101ra Kraule atzina: &#8220;Kas attiecas uz st\u0101stiem par pal\u012bdz\u012bbu citiem cilv\u0113kiem, secin\u0101ju, ka nav viegli&hellip;&nbsp;<a href=\"https:\/\/dki.verband.lv\/?p=387\" class=\"\" rel=\"bookmark\">Read More &raquo;<span class=\"screen-reader-text\">Pop-Up Puze: Es ar Tevi!<\/span><\/a><\/p>\n","protected":false},"author":1,"featured_media":391,"comment_status":"open","ping_status":"open","sticky":false,"template":"","format":"standard","meta":{"neve_meta_sidebar":"","neve_meta_container":"","neve_meta_enable_content_width":"","neve_meta_content_width":0,"neve_meta_title_alignment":"","neve_meta_author_avatar":"","neve_post_elements_order":"","neve_meta_disable_header":"","neve_meta_disable_footer":"","neve_meta_disable_title":"","_ti_tpc_template_sync":false,"_ti_tpc_template_id":""},"categories":[1],"tags":[],"_links":{"self":[{"href":"https:\/\/dki.verband.lv\/index.php?rest_route=\/wp\/v2\/posts\/387"}],"collection":[{"href":"https:\/\/dki.verband.lv\/index.php?rest_route=\/wp\/v2\/posts"}],"about":[{"href":"https:\/\/dki.verband.lv\/index.php?rest_route=\/wp\/v2\/types\/post"}],"author":[{"embeddable":true,"href":"https:\/\/dki.verband.lv\/index.php?rest_route=\/wp\/v2\/users\/1"}],"replies":[{"embeddable":true,"href":"https:\/\/dki.verband.lv\/index.php?rest_route=%2Fwp%2Fv2%2Fcomments&post=387"}],"version-history":[{"count":1,"href":"https:\/\/dki.verband.lv\/index.php?rest_route=\/wp\/v2\/posts\/387\/revisions"}],"predecessor-version":[{"id":392,"href":"https:\/\/dki.verband.lv\/index.php?rest_route=\/wp\/v2\/posts\/387\/revisions\/392"}],"wp:featuredmedia":[{"embeddable":true,"href":"https:\/\/dki.verband.lv\/index.php?rest_route=\/wp\/v2\/media\/391"}],"wp:attachment":[{"href":"https:\/\/dki.verband.lv\/index.php?rest_route=%2Fwp%2Fv2%2Fmedia&parent=387"}],"wp:term":[{"taxonomy":"category","embeddable":true,"href":"https:\/\/dki.verband.lv\/index.php?rest_route=%2Fwp%2Fv2%2Fcategories&post=387"},{"taxonomy":"post_tag","embeddable":true,"href":"https:\/\/dki.verband.lv\/index.php?rest_route=%2Fwp%2Fv2%2Ftags&post=387"}],"curies":[{"name":"wp","href":"https:\/\/api.w.org\/{rel}","templated":true}]}}