{"id":455,"date":"2023-04-22T11:47:36","date_gmt":"2023-04-22T08:47:36","guid":{"rendered":"https:\/\/dki.verband.lv\/?p=455"},"modified":"2023-04-22T21:51:52","modified_gmt":"2023-04-22T18:51:52","slug":"es-tu-un-vide-ap-mums","status":"publish","type":"post","link":"https:\/\/dki.verband.lv\/?p=455","title":{"rendered":"Dobele: Es-Tu un vide ap mums!"},"content":{"rendered":"\n<p><\/p>\n\n\n\n<p>23.aprili plkst.9:00 Dobel\u0113 (Uzvaras iel\u0101 53D) norisin\u0101sies Latvijas V\u0101cu savien\u012bbas r\u012bkot\u0101 projekta &#8220;Demokr\u0101tisko kompeten\u010du inkubators&#8221; pavasara aktivit\u0101te &#8220;Pop-up Izgar\u0161o demokr\u0101tiju&#8221; ( Es-Tu un vide ap mums!)<\/p>\n\n\n\n<p>Ir laiks ne tikai atskat\u012bties uz padar\u012bto, bet ar\u012b kop\u012bgi ar Dobeles un apk\u0101rtnes iedz\u012bvot\u0101jiem un atbalst\u012bt\u0101jiem iez\u012bm\u0113t jaunas pilsonisk\u0101s darb\u012bbas v\u012bzijas, atjaunot kontaktus, kop\u012bgi r\u012bkoties savas pils\u0113tas un valsts attistibai.<\/p>\n\n\n\n<p>Tiks atjaunota parka teritorija, kur reiz norisin\u0101j\u0101s pirmie Kurzemes Dziesmu sv\u0113tki, tiks v\u0101r\u012bta zupa, veidosim diskusiju ciklu: Es-Tu un vide ap mums!<\/p>\n\n\n\n<p>Pas\u0101kum\u0101 ieeja bez maksas, bet ar savu pieredzes st\u0101stu par to, k\u0101 tie\u0161i tu esi uzlabojis vidi ap sevi.<\/p>\n\n\n\n<p>Projektu finans\u0113 Islande, Lihten\u0161teina un Norv\u0113\u0123ija caur EEZ un Norv\u0113\u0123ijas grantu programmu &#8220;Akt\u012bvo iedz\u012bvot\u0101ju fonds.&#8221;<\/p>\n","protected":false},"excerpt":{"rendered":"<p>23.aprili plkst.9:00 Dobel\u0113 (Uzvaras iel\u0101 53D) norisin\u0101sies Latvijas V\u0101cu savien\u012bbas r\u012bkot\u0101 projekta &#8220;Demokr\u0101tisko kompeten\u010du inkubators&#8221; pavasara aktivit\u0101te &#8220;Pop-up Izgar\u0161o demokr\u0101tiju&#8221; ( Es-Tu un vide ap mums!) Ir laiks ne tikai atskat\u012bties uz padar\u012bto, bet ar\u012b kop\u012bgi ar Dobeles un apk\u0101rtnes iedz\u012bvot\u0101jiem un atbalst\u012bt\u0101jiem iez\u012bm\u0113t jaunas pilsonisk\u0101s darb\u012bbas v\u012bzijas, atjaunot kontaktus, kop\u012bgi r\u012bkoties savas pils\u0113tas un&hellip;&nbsp;<a href=\"https:\/\/dki.verband.lv\/?p=455\" class=\"\" rel=\"bookmark\">Read More &raquo;<span class=\"screen-reader-text\">Dobele: Es-Tu un vide ap mums!<\/span><\/a><\/p>\n","protected":false},"author":1,"featured_media":456,"comment_status":"open","ping_status":"open","sticky":false,"template":"","format":"standard","meta":{"neve_meta_sidebar":"","neve_meta_container":"","neve_meta_enable_content_width":"","neve_meta_content_width":0,"neve_meta_title_alignment":"","neve_meta_author_avatar":"","neve_post_elements_order":"","neve_meta_disable_header":"","neve_meta_disable_footer":"","neve_meta_disable_title":"","_ti_tpc_template_sync":false,"_ti_tpc_template_id":""},"categories":[1],"tags":[],"_links":{"self":[{"href":"https:\/\/dki.verband.lv\/index.php?rest_route=\/wp\/v2\/posts\/455"}],"collection":[{"href":"https:\/\/dki.verband.lv\/index.php?rest_route=\/wp\/v2\/posts"}],"about":[{"href":"https:\/\/dki.verband.lv\/index.php?rest_route=\/wp\/v2\/types\/post"}],"author":[{"embeddable":true,"href":"https:\/\/dki.verband.lv\/index.php?rest_route=\/wp\/v2\/users\/1"}],"replies":[{"embeddable":true,"href":"https:\/\/dki.verband.lv\/index.php?rest_route=%2Fwp%2Fv2%2Fcomments&post=455"}],"version-history":[{"count":2,"href":"https:\/\/dki.verband.lv\/index.php?rest_route=\/wp\/v2\/posts\/455\/revisions"}],"predecessor-version":[{"id":463,"href":"https:\/\/dki.verband.lv\/index.php?rest_route=\/wp\/v2\/posts\/455\/revisions\/463"}],"wp:featuredmedia":[{"embeddable":true,"href":"https:\/\/dki.verband.lv\/index.php?rest_route=\/wp\/v2\/media\/456"}],"wp:attachment":[{"href":"https:\/\/dki.verband.lv\/index.php?rest_route=%2Fwp%2Fv2%2Fmedia&parent=455"}],"wp:term":[{"taxonomy":"category","embeddable":true,"href":"https:\/\/dki.verband.lv\/index.php?rest_route=%2Fwp%2Fv2%2Fcategories&post=455"},{"taxonomy":"post_tag","embeddable":true,"href":"https:\/\/dki.verband.lv\/index.php?rest_route=%2Fwp%2Fv2%2Ftags&post=455"}],"curies":[{"name":"wp","href":"https:\/\/api.w.org\/{rel}","templated":true}]}}