{"id":478,"date":"2023-08-13T22:55:54","date_gmt":"2023-08-13T19:55:54","guid":{"rendered":"https:\/\/dki.verband.lv\/?p=478"},"modified":"2023-08-13T22:55:56","modified_gmt":"2023-08-13T19:55:56","slug":"no-transporta-lidz-dzivnieku-labbutibai-mazas-balsis-aktivizejasvasara","status":"publish","type":"post","link":"https:\/\/dki.verband.lv\/?p=478","title":{"rendered":"No transporta l\u012bdz dz\u012bvnieku labb\u016bt\u012bbai &#8211; maz\u0101s balsis aktiviz\u0113jas<br>vasar\u0101!"},"content":{"rendered":"\n<p>Projekta &#8220;Demokr\u0101tisko kompeten\u010du inkubators&#8221; ietvar\u0101 k\u0101 ik m\u0113nesi<br>turpin\u0101s v\u0113rt\u012bgu priek\u0161likumu izvirz\u012b\u0161ana, lai uzlabotu dz\u012bvi sav\u0101<br>pils\u0113t\u0101 un novad\u0101. Vasar\u0101 ir ne tikai atva\u013cin\u0101jumi, bet ar\u012b \u012bstais<br>laiks, lai pirms n\u0101kam\u0101 darba c\u0113liena rosin\u0101tu pa\u0161vald\u012bbu domniekus uz<br>re\u0101liem, bie\u017ei vien ne lielus finan\u0161u l\u012bdzek\u013cus praso\u0161iem darbiem.<br>Piem\u0113ram, Dobel\u0113 projekta dal\u012bbnieki un atbalst\u012bt\u0101ji paudu\u0161i savas ba\u017eas<br>par to, ka jau ilgsto\u0161i Dobeles pils\u0113t\u0101 nav izveidots su\u0146u pastaigu<br>laukums. Liep\u0101j\u0101 &#8211; ir pausts priek\u0161likums par visu skol\u0113nu faktisko<br>p\u0101rvieto\u0161an\u0101s br\u012bv\u012bbu, paredzot transporta atvieglojumu 100% apm\u0113r\u0101 un<br>neuzst\u0101dot pras\u012bbu par deklar\u0113\u0161anos pils\u0113t\u0101. Aicin\u0101jums ir atbalst\u012bt<br>jaunie\u0161u mobilit\u0101ti \u2013 gan pa\u0161\u0101 Liep\u0101j\u0101, gan starp pils\u0113t\u0101m un novadiem,<br>sekm\u0113jot vi\u0146u p\u0101rvieto\u0161anos pils\u0113t\u0101 p\u0113c iesp\u0113jas draudz\u012bgu un<br>atbalsto\u0161u, lai apmekl\u0113tu da\u017e\u0101dus pas\u0101kumus, intere\u0161u izgl\u012bt\u012bbu,<br>pilsonisko aktivit\u0101ti, piem\u0113ram, apmekl\u0113jot biedr\u012bbu r\u012bkotus pas\u0101kumus.<br>Savuk\u0101rt Kandav\u0101 dal\u012bbnieki izteiku\u0161i priek\u0161likumu par promen\u0101des<br>izskatua uzlabo\u0161anu, lai negl\u012bt\u0101s \u0137ie\u0123e\u013cu \u0113kas sienu, kas v\u0113rsta uz<br>promen\u0101di, izgleznotu jaunie Latvijas m\u0101kslinieki vai Baltijas valstu<br>m\u0101kslinieki. Lai dz\u012bvo idejas! Lai l\u0113mumu pie\u0146\u0113m\u0113jiem laba griba dar\u012bt<br>mazas lietas savu iedz\u012bvot\u0101ju interes\u0113s!<\/p>\n\n\n\n<p>Aktivit\u0101te &#8220;Ar\u012b klusas balsis ir balsis&#8221;. Projektu \u201cDemokr\u0101tisko<br>kompeten\u010du inkubators\u201d finans\u0113 Islande, Lihten\u0161teina un Norv\u0113\u0123ija caur<br>EEZ un Norv\u0113\u0123ijas grantu programmu \u201cAkt\u012bvo iedz\u012bvot\u0101ju fonds\u201d. \u012asteno<br>Latvijas V\u0101cu savien\u012bba, Norv\u0113\u0123ijas partneris: Fjellugla Kompetanse AS.<\/p>\n\n\n\n<figure class=\"wp-block-image size-large\"><img loading=\"lazy\" width=\"768\" height=\"1024\" src=\"https:\/\/dki.verband.lv\/wp-content\/uploads\/2023\/08\/IMG-20230725-WA0009-768x1024.jpg\" alt=\"\" class=\"wp-image-480\" srcset=\"https:\/\/dki.verband.lv\/wp-content\/uploads\/2023\/08\/IMG-20230725-WA0009-768x1024.jpg 768w, https:\/\/dki.verband.lv\/wp-content\/uploads\/2023\/08\/IMG-20230725-WA0009-225x300.jpg 225w, https:\/\/dki.verband.lv\/wp-content\/uploads\/2023\/08\/IMG-20230725-WA0009-1152x1536.jpg 1152w, https:\/\/dki.verband.lv\/wp-content\/uploads\/2023\/08\/IMG-20230725-WA0009.jpg 1530w\" sizes=\"(max-width: 768px) 100vw, 768px\" \/><\/figure>\n","protected":false},"excerpt":{"rendered":"<p>Projekta &#8220;Demokr\u0101tisko kompeten\u010du inkubators&#8221; ietvar\u0101 k\u0101 ik m\u0113nesiturpin\u0101s v\u0113rt\u012bgu priek\u0161likumu izvirz\u012b\u0161ana, lai uzlabotu dz\u012bvi sav\u0101pils\u0113t\u0101 un novad\u0101. Vasar\u0101 ir ne tikai atva\u013cin\u0101jumi, bet ar\u012b \u012bstaislaiks, lai pirms n\u0101kam\u0101 darba c\u0113liena rosin\u0101tu pa\u0161vald\u012bbu domniekus uzre\u0101liem, bie\u017ei vien ne lielus finan\u0161u l\u012bdzek\u013cus praso\u0161iem darbiem.Piem\u0113ram, Dobel\u0113 projekta dal\u012bbnieki un atbalst\u012bt\u0101ji paudu\u0161i savas ba\u017easpar to, ka jau ilgsto\u0161i Dobeles&hellip;&nbsp;<a href=\"https:\/\/dki.verband.lv\/?p=478\" class=\"\" rel=\"bookmark\">Read More &raquo;<span class=\"screen-reader-text\">No transporta l\u012bdz dz\u012bvnieku labb\u016bt\u012bbai &#8211; maz\u0101s balsis aktiviz\u0113jas<br \/>vasar\u0101!<\/span><\/a><\/p>\n","protected":false},"author":1,"featured_media":479,"comment_status":"open","ping_status":"open","sticky":false,"template":"","format":"standard","meta":{"neve_meta_sidebar":"","neve_meta_container":"","neve_meta_enable_content_width":"","neve_meta_content_width":0,"neve_meta_title_alignment":"","neve_meta_author_avatar":"","neve_post_elements_order":"","neve_meta_disable_header":"","neve_meta_disable_footer":"","neve_meta_disable_title":"","_ti_tpc_template_sync":false,"_ti_tpc_template_id":""},"categories":[1],"tags":[],"_links":{"self":[{"href":"https:\/\/dki.verband.lv\/index.php?rest_route=\/wp\/v2\/posts\/478"}],"collection":[{"href":"https:\/\/dki.verband.lv\/index.php?rest_route=\/wp\/v2\/posts"}],"about":[{"href":"https:\/\/dki.verband.lv\/index.php?rest_route=\/wp\/v2\/types\/post"}],"author":[{"embeddable":true,"href":"https:\/\/dki.verband.lv\/index.php?rest_route=\/wp\/v2\/users\/1"}],"replies":[{"embeddable":true,"href":"https:\/\/dki.verband.lv\/index.php?rest_route=%2Fwp%2Fv2%2Fcomments&post=478"}],"version-history":[{"count":1,"href":"https:\/\/dki.verband.lv\/index.php?rest_route=\/wp\/v2\/posts\/478\/revisions"}],"predecessor-version":[{"id":481,"href":"https:\/\/dki.verband.lv\/index.php?rest_route=\/wp\/v2\/posts\/478\/revisions\/481"}],"wp:featuredmedia":[{"embeddable":true,"href":"https:\/\/dki.verband.lv\/index.php?rest_route=\/wp\/v2\/media\/479"}],"wp:attachment":[{"href":"https:\/\/dki.verband.lv\/index.php?rest_route=%2Fwp%2Fv2%2Fmedia&parent=478"}],"wp:term":[{"taxonomy":"category","embeddable":true,"href":"https:\/\/dki.verband.lv\/index.php?rest_route=%2Fwp%2Fv2%2Fcategories&post=478"},{"taxonomy":"post_tag","embeddable":true,"href":"https:\/\/dki.verband.lv\/index.php?rest_route=%2Fwp%2Fv2%2Ftags&post=478"}],"curies":[{"name":"wp","href":"https:\/\/api.w.org\/{rel}","templated":true}]}}